{"id":1256,"date":"2024-03-01T18:20:49","date_gmt":"2024-03-01T18:20:49","guid":{"rendered":"https:\/\/accesia.info\/?p=1256"},"modified":"2024-03-01T18:20:49","modified_gmt":"2024-03-01T18:20:49","slug":"la-universalidad-de-la-accesibilidad-digital-mas-alla-de-las-discapacidades-permanentes","status":"publish","type":"post","link":"https:\/\/accesia.info\/en\/la-universalidad-de-la-accesibilidad-digital-mas-alla-de-las-discapacidades-permanentes\/","title":{"rendered":"The universality of digital accessibility: beyond permanent disabilities"},"content":{"rendered":"<!--themify_builder_content-->\n<div id=\"themify_builder_content-1256\" data-postid=\"1256\" class=\"themify_builder_content themify_builder_content-1256 themify_builder tf_clear\">\n    \t\t\t<!-- module_row -->\n\t<div  data-lazy=\"1\" class=\"module_row themify_builder_row tb_00q4467 tb_first tf_w tf_clearfix\">\n\t    \t\t\t<div class=\"row_inner col_align_top tb_col_count_1 tf_box tf_rel\">\n\t\t            <div  data-lazy=\"1\" class=\"module_column tb-column col-full tb_cmdf468 first\">\n                                                        <div class=\"tb-column-inner tf_box tf_w\">\n                        <!-- module text -->\n<div  class=\"module module-text tb_38ww604\" data-lazy=\"1\">\n        <div  class=\"tb_text_wrap\">\n    <p>In today&#039;s digital world, accessibility is essential to ensure that everyone can fully enjoy the online experience. However, we often associate digital accessibility only with people with permanent disabilities. <strong>But what about those who experience limitations temporarily or in specific circumstances?<\/strong><\/p>\n<p><strong>Imagine this:<\/strong> a deaf person struggling to understand a video. Now, transfer that experience to a noisy environment, where even listeners find it difficult to grasp the content. <b>Isn&#039;t it amazing how one limitation can resonate in different situations?<\/b><\/p>\n<p>The same goes for the challenge of aiming accurately at a screen, as faced by a person with Parkinson&#039;s. This difficulty is not so different from what an older person may face when trying to maneuver a mouse deftly.<\/p>\n<p><strong>That&#039;s why digital accessibility is not only a matter of inclusion, but also of convenience and usefulness for a wide range of users. <\/strong><\/p>\n<p>These examples illustrate how the limitations faced by people with permanent disabilities can be reflected in temporary or situational experiences for other users:<br><br><\/p>\n<p><strong>For Visual Limitations:<\/strong><\/p>\n<ul>\n<li style=\"list-style-type: none;\">\n<ul>\n<li><strong>Permanent:<\/strong>\n<ul>\n<li>Blindness: Facilitate voice interaction.<\/li>\n<li>High myopia: Allow zooming on the screen.<\/li>\n<li>Color blindness: Sufficient contrast.<\/li>\n<\/ul>\n<\/li>\n<li><strong>Temporary:<\/strong>\n<ul>\n<li>Cataracts, Conjunctivitis: Allow zooming on the screen.<\/li>\n<li>Glare from strong lights: Sufficient contrast.<\/li>\n<\/ul>\n<\/li>\n<li><strong>Situational:<\/strong>\n<ul>\n<li>Do not look at the screen, like when driving a car: Facilitate voice interaction.<\/li>\n<li>Darkened mobile screen due to low battery: Sufficient contrast.<\/li>\n<\/ul>\n<\/li>\n<\/ul>\n<\/li>\n<\/ul>\n<p><strong><br><\/strong><\/p><p><strong>For Hearing Limitations:<\/strong><\/p>\n<ul>\n<li style=\"list-style-type: none;\">\n<ul>\n<li><strong>Permanent:<\/strong>\n<ul>\n<li>Deafness: Subtitled.<\/li>\n<\/ul>\n<\/li>\n<li><strong>Temporary:<\/strong>\n<ul>\n<li>Not understanding the language well: Subtitled.<\/li>\n<\/ul>\n<\/li>\n<li><strong>Situational:<\/strong>\n<ul>\n<li>Noisy environment: o Subtitling a video, a quiet one, like a library: Subtitling.<\/li>\n<\/ul>\n<\/li>\n<\/ul>\n<\/li>\n<\/ul>\n<p><strong><br><\/strong><\/p><p><strong>For Mobility Limitations:<\/strong><\/p>\n<ul>\n<li style=\"list-style-type: none;\">\n<ul>\n<li><strong>Permanent:<\/strong>\n<ul>\n<li>Spasticity, loss of an arm, Parkinson&#039;s, osteoarthritis: Enough size for one hand.<\/li>\n<\/ul>\n<\/li>\n<li><strong>Temporary:<\/strong>\n<ul>\n<li>Sprain, tendinitis, carpal tunnel syndrome: Enough size for one hand.<\/li>\n<\/ul>\n<\/li>\n<li><strong>Situational:<\/strong>\n<ul>\n<li>Using the cell phone with one hand while the other is used to hold on to the bus: Sufficient size for one hand.<\/li>\n<\/ul>\n<\/li>\n<\/ul>\n<\/li>\n<\/ul>\n<p><strong><br><\/strong><\/p><p><strong>For Attention and Concentration Difficulties:<\/strong><\/p>\n<ul>\n<li style=\"list-style-type: none;\">\n<ul>\n<li style=\"list-style-type: none;\">\n<ul>\n<li style=\"list-style-type: none;\">\n<ul>\n<li><strong>Permanent:<\/strong>\n<ul>\n<li>Autism, attention deficit hyperactivity disorder: Simplify the presentation of information.<\/li>\n<\/ul>\n<\/li>\n<li><strong>Temporary:<\/strong>\n<ul>\n<li>State of anxiety, Low educational level, low language proficiency: Simplify the presentation of information.<\/li>\n<\/ul>\n<\/li>\n<li><strong>Situational:<\/strong>\n<ul>\n<li>Perform another activity, such as babysitting while viewing mobile content: Simplify the presentation of information.<br><br><\/li>\n<\/ul>\n<\/li>\n<\/ul>\n<\/li>\n<\/ul>\n<\/li>\n<\/ul>\n<\/li>\n<\/ul>\n<p>At Accesia Solutions, <b>We understand the importance of addressing these needs comprehensively.<\/b> Our approach is not limited to solving specific challenges, but extends to creating digital experiences that are truly universal and accessible to everyone, at any time and in any situation.<\/p>    <\/div>\n<\/div>\n<!-- \/module text -->                    <\/div><!-- .tb-column-inner -->\n                            <\/div><!-- .module_column -->\n            \t    <\/div><!-- .row_inner -->\n\t<\/div><!-- .module_row -->\n\t<\/div>\n<!--\/themify_builder_content-->","protected":false},"excerpt":{"rendered":"<p>En el mundo digital de hoy, la accesibilidad es fundamental para garantizar que todos puedan disfrutar plenamente de la experiencia en l\u00ednea. Sin embargo, a menudo asociamos la accesibilidad digital \u00fanicamente con personas con discapacidades permanentes. Pero \u00bfqu\u00e9 pasa con aquellos que experimentan limitaciones de forma temporal o en circunstancias espec\u00edficas? Imagina esto: una persona [&hellip;]<\/p>\n","protected":false},"author":2,"featured_media":1257,"comment_status":"open","ping_status":"closed","sticky":false,"template":"","format":"standard","meta":{"footnotes":""},"categories":[1],"tags":[],"class_list":["post-1256","post","type-post","status-publish","format-standard","has-post-thumbnail","hentry","category-sin-categoria","has-post-title","has-post-date","has-post-category","has-post-tag","has-post-comment","has-post-author",""],"yoast_head":"<!-- This site is optimized with the Yoast SEO plugin v27.1.1 - https:\/\/yoast.com\/product\/yoast-seo-wordpress\/ -->\n<title>La universalidad de la accesibilidad digital: m\u00e1s all\u00e1 de las discapacidades permanentes - Accesia<\/title>\n<meta name=\"robots\" content=\"index, follow, max-snippet:-1, max-image-preview:large, max-video-preview:-1\" \/>\n<link rel=\"canonical\" href=\"https:\/\/accesia.info\/en\/la-universalidad-de-la-accesibilidad-digital-mas-alla-de-las-discapacidades-permanentes\/\" \/>\n<meta property=\"og:locale\" content=\"en_GB\" \/>\n<meta property=\"og:type\" content=\"article\" \/>\n<meta property=\"og:title\" content=\"La universalidad de la accesibilidad digital: m\u00e1s all\u00e1 de las discapacidades permanentes - Accesia\" \/>\n<meta property=\"og:description\" content=\"En el mundo digital de hoy, la accesibilidad es fundamental para garantizar que todos puedan disfrutar plenamente de la experiencia en l\u00ednea. Sin embargo, a menudo asociamos la accesibilidad digital \u00fanicamente con personas con discapacidades permanentes. Pero \u00bfqu\u00e9 pasa con aquellos que experimentan limitaciones de forma temporal o en circunstancias espec\u00edficas? Imagina esto: una persona [&hellip;]\" \/>\n<meta property=\"og:url\" content=\"https:\/\/accesia.info\/en\/la-universalidad-de-la-accesibilidad-digital-mas-alla-de-las-discapacidades-permanentes\/\" \/>\n<meta property=\"og:site_name\" content=\"Accesia\" \/>\n<meta property=\"article:publisher\" content=\"https:\/\/www.facebook.com\/people\/Accesia-Soluciones\/100093845105950\/?_rdr\" \/>\n<meta property=\"article:published_time\" content=\"2024-03-01T18:20:49+00:00\" \/>\n<meta property=\"og:image\" content=\"https:\/\/accesia.info\/wp-content\/uploads\/2024\/03\/i-8595-cG.28854.1.jpg\" \/>\n\t<meta property=\"og:image:width\" content=\"468\" \/>\n\t<meta property=\"og:image:height\" content=\"498\" \/>\n\t<meta property=\"og:image:type\" content=\"image\/jpeg\" \/>\n<meta name=\"author\" content=\"AccesiaAdmin\" \/>\n<meta name=\"twitter:card\" content=\"summary_large_image\" \/>\n<meta name=\"twitter:creator\" content=\"@Accesia_\" \/>\n<meta name=\"twitter:site\" content=\"@Accesia_\" \/>\n<meta name=\"twitter:label1\" content=\"Written by\" \/>\n\t<meta name=\"twitter:data1\" content=\"AccesiaAdmin\" \/>\n<script type=\"application\/ld+json\" class=\"yoast-schema-graph\">{\"@context\":\"https:\/\/schema.org\",\"@graph\":[{\"@type\":\"Article\",\"@id\":\"https:\/\/accesia.info\/la-universalidad-de-la-accesibilidad-digital-mas-alla-de-las-discapacidades-permanentes\/#article\",\"isPartOf\":{\"@id\":\"https:\/\/accesia.info\/la-universalidad-de-la-accesibilidad-digital-mas-alla-de-las-discapacidades-permanentes\/\"},\"author\":{\"name\":\"AccesiaAdmin\",\"@id\":\"https:\/\/accesia.info\/#\/schema\/person\/87355372a1ca74d21cf405545c18c31b\"},\"headline\":\"La universalidad de la accesibilidad digital: m\u00e1s all\u00e1 de las discapacidades permanentes\",\"datePublished\":\"2024-03-01T18:20:49+00:00\",\"mainEntityOfPage\":{\"@id\":\"https:\/\/accesia.info\/la-universalidad-de-la-accesibilidad-digital-mas-alla-de-las-discapacidades-permanentes\/\"},\"wordCount\":13,\"commentCount\":0,\"publisher\":{\"@id\":\"https:\/\/accesia.info\/#organization\"},\"image\":{\"@id\":\"https:\/\/accesia.info\/la-universalidad-de-la-accesibilidad-digital-mas-alla-de-las-discapacidades-permanentes\/#primaryimage\"},\"thumbnailUrl\":\"https:\/\/accesia.info\/wp-content\/uploads\/2024\/03\/i-8595-cG.28854.1.jpg\",\"articleSection\":[\"Sin categor\u00eda\"],\"inLanguage\":\"en-GB\",\"potentialAction\":[{\"@type\":\"CommentAction\",\"name\":\"Comment\",\"target\":[\"https:\/\/accesia.info\/la-universalidad-de-la-accesibilidad-digital-mas-alla-de-las-discapacidades-permanentes\/#respond\"]}]},{\"@type\":\"WebPage\",\"@id\":\"https:\/\/accesia.info\/la-universalidad-de-la-accesibilidad-digital-mas-alla-de-las-discapacidades-permanentes\/\",\"url\":\"https:\/\/accesia.info\/la-universalidad-de-la-accesibilidad-digital-mas-alla-de-las-discapacidades-permanentes\/\",\"name\":\"La universalidad de la accesibilidad digital: m\u00e1s all\u00e1 de las discapacidades permanentes - Accesia\",\"isPartOf\":{\"@id\":\"https:\/\/accesia.info\/#website\"},\"primaryImageOfPage\":{\"@id\":\"https:\/\/accesia.info\/la-universalidad-de-la-accesibilidad-digital-mas-alla-de-las-discapacidades-permanentes\/#primaryimage\"},\"image\":{\"@id\":\"https:\/\/accesia.info\/la-universalidad-de-la-accesibilidad-digital-mas-alla-de-las-discapacidades-permanentes\/#primaryimage\"},\"thumbnailUrl\":\"https:\/\/accesia.info\/wp-content\/uploads\/2024\/03\/i-8595-cG.28854.1.jpg\",\"datePublished\":\"2024-03-01T18:20:49+00:00\",\"breadcrumb\":{\"@id\":\"https:\/\/accesia.info\/la-universalidad-de-la-accesibilidad-digital-mas-alla-de-las-discapacidades-permanentes\/#breadcrumb\"},\"inLanguage\":\"en-GB\",\"potentialAction\":[{\"@type\":\"ReadAction\",\"target\":[\"https:\/\/accesia.info\/la-universalidad-de-la-accesibilidad-digital-mas-alla-de-las-discapacidades-permanentes\/\"]}]},{\"@type\":\"ImageObject\",\"inLanguage\":\"en-GB\",\"@id\":\"https:\/\/accesia.info\/la-universalidad-de-la-accesibilidad-digital-mas-alla-de-las-discapacidades-permanentes\/#primaryimage\",\"url\":\"https:\/\/accesia.info\/wp-content\/uploads\/2024\/03\/i-8595-cG.28854.1.jpg\",\"contentUrl\":\"https:\/\/accesia.info\/wp-content\/uploads\/2024\/03\/i-8595-cG.28854.1.jpg\",\"width\":468,\"height\":498,\"caption\":\"Persona en un autob\u00fas, con gabardina y sombrero, mirando su tel\u00e9fono m\u00f3vil con una mano y con la otra, agarrado a los apoyos del autob\u00fas.\"},{\"@type\":\"BreadcrumbList\",\"@id\":\"https:\/\/accesia.info\/la-universalidad-de-la-accesibilidad-digital-mas-alla-de-las-discapacidades-permanentes\/#breadcrumb\",\"itemListElement\":[{\"@type\":\"ListItem\",\"position\":1,\"name\":\"Portada\",\"item\":\"https:\/\/accesia.info\/\"},{\"@type\":\"ListItem\",\"position\":2,\"name\":\"La universalidad de la accesibilidad digital: m\u00e1s all\u00e1 de las discapacidades permanentes\"}]},{\"@type\":\"WebSite\",\"@id\":\"https:\/\/accesia.info\/#website\",\"url\":\"https:\/\/accesia.info\/\",\"name\":\"Accesia Soluciones\",\"description\":\"\",\"publisher\":{\"@id\":\"https:\/\/accesia.info\/#organization\"},\"potentialAction\":[{\"@type\":\"SearchAction\",\"target\":{\"@type\":\"EntryPoint\",\"urlTemplate\":\"https:\/\/accesia.info\/?s={search_term_string}\"},\"query-input\":{\"@type\":\"PropertyValueSpecification\",\"valueRequired\":true,\"valueName\":\"search_term_string\"}}],\"inLanguage\":\"en-GB\"},{\"@type\":\"Organization\",\"@id\":\"https:\/\/accesia.info\/#organization\",\"name\":\"Accesia Soluciones\",\"url\":\"https:\/\/accesia.info\/\",\"logo\":{\"@type\":\"ImageObject\",\"inLanguage\":\"en-GB\",\"@id\":\"https:\/\/accesia.info\/#\/schema\/logo\/image\/\",\"url\":\"https:\/\/accesia.info\/wp-content\/uploads\/2023\/07\/cropped-Diseno-sin-titulo-15.png\",\"contentUrl\":\"https:\/\/accesia.info\/wp-content\/uploads\/2023\/07\/cropped-Diseno-sin-titulo-15.png\",\"width\":512,\"height\":512,\"caption\":\"Accesia Soluciones\"},\"image\":{\"@id\":\"https:\/\/accesia.info\/#\/schema\/logo\/image\/\"},\"sameAs\":[\"https:\/\/www.facebook.com\/people\/Accesia-Soluciones\/100093845105950\/?_rdr\",\"https:\/\/x.com\/Accesia_\",\"https:\/\/www.instagram.com\/accesiasoluciones\/\",\"https:\/\/es.linkedin.com\/company\/accesia-soluciones\"]},{\"@type\":\"Person\",\"@id\":\"https:\/\/accesia.info\/#\/schema\/person\/87355372a1ca74d21cf405545c18c31b\",\"name\":\"AccesiaAdmin\",\"image\":{\"@type\":\"ImageObject\",\"inLanguage\":\"en-GB\",\"@id\":\"https:\/\/accesia.info\/#\/schema\/person\/image\/\",\"url\":\"https:\/\/secure.gravatar.com\/avatar\/10f8f6eb8a27fef20ee03489544afff05113f520c42c7474891a2ec5809f90e8?s=96&d=mm&r=g\",\"contentUrl\":\"https:\/\/secure.gravatar.com\/avatar\/10f8f6eb8a27fef20ee03489544afff05113f520c42c7474891a2ec5809f90e8?s=96&d=mm&r=g\",\"caption\":\"AccesiaAdmin\"},\"url\":\"https:\/\/accesia.info\/en\/author\/accesiaadmin\/\"}]}<\/script>\n<!-- \/ Yoast SEO plugin. -->","yoast_head_json":{"title":"The Universality of Digital Accessibility: Beyond Permanent Disabilities - Accesia","robots":{"index":"index","follow":"follow","max-snippet":"max-snippet:-1","max-image-preview":"max-image-preview:large","max-video-preview":"max-video-preview:-1"},"canonical":"https:\/\/accesia.info\/en\/la-universalidad-de-la-accesibilidad-digital-mas-alla-de-las-discapacidades-permanentes\/","og_locale":"en_GB","og_type":"article","og_title":"La universalidad de la accesibilidad digital: m\u00e1s all\u00e1 de las discapacidades permanentes - Accesia","og_description":"En el mundo digital de hoy, la accesibilidad es fundamental para garantizar que todos puedan disfrutar plenamente de la experiencia en l\u00ednea. Sin embargo, a menudo asociamos la accesibilidad digital \u00fanicamente con personas con discapacidades permanentes. Pero \u00bfqu\u00e9 pasa con aquellos que experimentan limitaciones de forma temporal o en circunstancias espec\u00edficas? Imagina esto: una persona [&hellip;]","og_url":"https:\/\/accesia.info\/en\/la-universalidad-de-la-accesibilidad-digital-mas-alla-de-las-discapacidades-permanentes\/","og_site_name":"Accesia","article_publisher":"https:\/\/www.facebook.com\/people\/Accesia-Soluciones\/100093845105950\/?_rdr","article_published_time":"2024-03-01T18:20:49+00:00","og_image":[{"width":468,"height":498,"url":"https:\/\/accesia.info\/wp-content\/uploads\/2024\/03\/i-8595-cG.28854.1.jpg","type":"image\/jpeg"}],"author":"AccesiaAdmin","twitter_card":"summary_large_image","twitter_creator":"@Accesia_","twitter_site":"@Accesia_","twitter_misc":{"Written by":"AccesiaAdmin"},"schema":{"@context":"https:\/\/schema.org","@graph":[{"@type":"Article","@id":"https:\/\/accesia.info\/la-universalidad-de-la-accesibilidad-digital-mas-alla-de-las-discapacidades-permanentes\/#article","isPartOf":{"@id":"https:\/\/accesia.info\/la-universalidad-de-la-accesibilidad-digital-mas-alla-de-las-discapacidades-permanentes\/"},"author":{"name":"AccesiaAdmin","@id":"https:\/\/accesia.info\/#\/schema\/person\/87355372a1ca74d21cf405545c18c31b"},"headline":"La universalidad de la accesibilidad digital: m\u00e1s all\u00e1 de las discapacidades permanentes","datePublished":"2024-03-01T18:20:49+00:00","mainEntityOfPage":{"@id":"https:\/\/accesia.info\/la-universalidad-de-la-accesibilidad-digital-mas-alla-de-las-discapacidades-permanentes\/"},"wordCount":13,"commentCount":0,"publisher":{"@id":"https:\/\/accesia.info\/#organization"},"image":{"@id":"https:\/\/accesia.info\/la-universalidad-de-la-accesibilidad-digital-mas-alla-de-las-discapacidades-permanentes\/#primaryimage"},"thumbnailUrl":"https:\/\/accesia.info\/wp-content\/uploads\/2024\/03\/i-8595-cG.28854.1.jpg","articleSection":["Sin categor\u00eda"],"inLanguage":"en-GB","potentialAction":[{"@type":"CommentAction","name":"Comment","target":["https:\/\/accesia.info\/la-universalidad-de-la-accesibilidad-digital-mas-alla-de-las-discapacidades-permanentes\/#respond"]}]},{"@type":"WebPage","@id":"https:\/\/accesia.info\/la-universalidad-de-la-accesibilidad-digital-mas-alla-de-las-discapacidades-permanentes\/","url":"https:\/\/accesia.info\/la-universalidad-de-la-accesibilidad-digital-mas-alla-de-las-discapacidades-permanentes\/","name":"The Universality of Digital Accessibility: Beyond Permanent Disabilities - Accesia","isPartOf":{"@id":"https:\/\/accesia.info\/#website"},"primaryImageOfPage":{"@id":"https:\/\/accesia.info\/la-universalidad-de-la-accesibilidad-digital-mas-alla-de-las-discapacidades-permanentes\/#primaryimage"},"image":{"@id":"https:\/\/accesia.info\/la-universalidad-de-la-accesibilidad-digital-mas-alla-de-las-discapacidades-permanentes\/#primaryimage"},"thumbnailUrl":"https:\/\/accesia.info\/wp-content\/uploads\/2024\/03\/i-8595-cG.28854.1.jpg","datePublished":"2024-03-01T18:20:49+00:00","breadcrumb":{"@id":"https:\/\/accesia.info\/la-universalidad-de-la-accesibilidad-digital-mas-alla-de-las-discapacidades-permanentes\/#breadcrumb"},"inLanguage":"en-GB","potentialAction":[{"@type":"ReadAction","target":["https:\/\/accesia.info\/la-universalidad-de-la-accesibilidad-digital-mas-alla-de-las-discapacidades-permanentes\/"]}]},{"@type":"ImageObject","inLanguage":"en-GB","@id":"https:\/\/accesia.info\/la-universalidad-de-la-accesibilidad-digital-mas-alla-de-las-discapacidades-permanentes\/#primaryimage","url":"https:\/\/accesia.info\/wp-content\/uploads\/2024\/03\/i-8595-cG.28854.1.jpg","contentUrl":"https:\/\/accesia.info\/wp-content\/uploads\/2024\/03\/i-8595-cG.28854.1.jpg","width":468,"height":498,"caption":"Persona en un autob\u00fas, con gabardina y sombrero, mirando su tel\u00e9fono m\u00f3vil con una mano y con la otra, agarrado a los apoyos del autob\u00fas."},{"@type":"BreadcrumbList","@id":"https:\/\/accesia.info\/la-universalidad-de-la-accesibilidad-digital-mas-alla-de-las-discapacidades-permanentes\/#breadcrumb","itemListElement":[{"@type":"ListItem","position":1,"name":"Portada","item":"https:\/\/accesia.info\/"},{"@type":"ListItem","position":2,"name":"La universalidad de la accesibilidad digital: m\u00e1s all\u00e1 de las discapacidades permanentes"}]},{"@type":"WebSite","@id":"https:\/\/accesia.info\/#website","url":"https:\/\/accesia.info\/","name":"Accesia Solutions","description":"","publisher":{"@id":"https:\/\/accesia.info\/#organization"},"potentialAction":[{"@type":"SearchAction","target":{"@type":"EntryPoint","urlTemplate":"https:\/\/accesia.info\/?s={search_term_string}"},"query-input":{"@type":"PropertyValueSpecification","valueRequired":true,"valueName":"search_term_string"}}],"inLanguage":"en-GB"},{"@type":"Organization","@id":"https:\/\/accesia.info\/#organization","name":"Accesia Solutions","url":"https:\/\/accesia.info\/","logo":{"@type":"ImageObject","inLanguage":"en-GB","@id":"https:\/\/accesia.info\/#\/schema\/logo\/image\/","url":"https:\/\/accesia.info\/wp-content\/uploads\/2023\/07\/cropped-Diseno-sin-titulo-15.png","contentUrl":"https:\/\/accesia.info\/wp-content\/uploads\/2023\/07\/cropped-Diseno-sin-titulo-15.png","width":512,"height":512,"caption":"Accesia Soluciones"},"image":{"@id":"https:\/\/accesia.info\/#\/schema\/logo\/image\/"},"sameAs":["https:\/\/www.facebook.com\/people\/Accesia-Soluciones\/100093845105950\/?_rdr","https:\/\/x.com\/Accesia_","https:\/\/www.instagram.com\/accesiasoluciones\/","https:\/\/es.linkedin.com\/company\/accesia-soluciones"]},{"@type":"Person","@id":"https:\/\/accesia.info\/#\/schema\/person\/87355372a1ca74d21cf405545c18c31b","name":"AccesiaAdmin","image":{"@type":"ImageObject","inLanguage":"en-GB","@id":"https:\/\/accesia.info\/#\/schema\/person\/image\/","url":"https:\/\/secure.gravatar.com\/avatar\/10f8f6eb8a27fef20ee03489544afff05113f520c42c7474891a2ec5809f90e8?s=96&d=mm&r=g","contentUrl":"https:\/\/secure.gravatar.com\/avatar\/10f8f6eb8a27fef20ee03489544afff05113f520c42c7474891a2ec5809f90e8?s=96&d=mm&r=g","caption":"AccesiaAdmin"},"url":"https:\/\/accesia.info\/en\/author\/accesiaadmin\/"}]}},"builder_content":"<p>En el mundo digital de hoy, la accesibilidad es fundamental para garantizar que todos puedan disfrutar plenamente de la experiencia en l\u00ednea. Sin embargo, a menudo asociamos la accesibilidad digital \u00fanicamente con personas con discapacidades permanentes. <strong>Pero \u00bfqu\u00e9 pasa con aquellos que experimentan limitaciones de forma temporal o en circunstancias espec\u00edficas?<\/strong><\/p> <p><strong>Imagina esto:<\/strong> una persona sorda luchando por entender un video. Ahora, traslada esa experiencia a un entorno ruidoso, donde incluso los oyentes encuentran dificultades para captar el contenido. <b>\u00bfNo es sorprendente c\u00f3mo una limitaci\u00f3n puede resonar en diferentes situaciones?<\/b><\/p> <p>Lo mismo ocurre con el desaf\u00edo de apuntar con precisi\u00f3n en una pantalla, como lo enfrenta una persona con p\u00e1rkinson. Esta dificultad no es tan diferente de la que puede enfrentar una persona mayor al intentar maniobrar un rat\u00f3n con destreza.<\/p> <p><strong>Es por eso que la accesibilidad digital no solo es una cuesti\u00f3n de inclusi\u00f3n, sino tambi\u00e9n de comodidad y utilidad para una amplia gama de usuarios. <\/strong><\/p> <p>Estos ejemplos ilustran c\u00f3mo las limitaciones que enfrentan las personas con discapacidad permanente pueden reflejarse en experiencias temporales o situacionales para otros usuarios:<br><br><\/p> <p><strong>Para las Limitaciones Visuales:<\/strong><\/p> <ul> <li style=\"list-style-type: none;\"> <ul> <li><strong>Permanente:<\/strong> <ul> <li>Ceguera: Facilitar interacci\u00f3n por voz.<\/li> <li>Miop\u00eda magna: Permitir hacer zoom en la pantalla.<\/li> <li>Daltonismo: Contraste suficiente.<\/li> <\/ul> <\/li> <li><strong>Temporal:<\/strong> <ul> <li>Cataratas, Conjuntivitis: Permitir hacer zoom en la pantalla.<\/li> <li>Deslumbramiento por luces fuertes: Contraste suficiente.<\/li> <\/ul> <\/li> <li><strong>Situacional:<\/strong> <ul> <li>No mirar a la pantalla, como al conducir un coche: Facilitar interacci\u00f3n por voz.<\/li> <li>Pantalla de m\u00f3vil oscurecida al tener poca bater\u00eda: Contraste suficiente.<\/li> <\/ul> <\/li> <\/ul> <\/li> <\/ul> <p><strong><br><\/strong><\/p><p><strong>Para las Limitaciones Auditivas:<\/strong><\/p> <ul> <li style=\"list-style-type: none;\"> <ul> <li><strong>Permanente:<\/strong> <ul> <li>Sordera: Subtitulado.<\/li> <\/ul> <\/li> <li><strong>Temporal:<\/strong> <ul> <li>No comprender bien el idioma: Subtitulado.<\/li> <\/ul> <\/li> <li><strong>Situacional:<\/strong> <ul> <li>Entorno ruidoso: o Subtitulado de un video uno silencioso, como una biblioteca: Subtitulado.<\/li> <\/ul> <\/li> <\/ul> <\/li> <\/ul> <p><strong><br><\/strong><\/p><p><strong>Para las Limitaciones de Movilidad:<\/strong><\/p> <ul> <li style=\"list-style-type: none;\"> <ul> <li><strong>Permanente:<\/strong> <ul> <li>Espasticidad, p\u00e9rdida de un brazo, parkinson, artrosis: Tama\u00f1o suficiente para una sola mano.<\/li> <\/ul> <\/li> <li><strong>Temporal:<\/strong> <ul> <li>Esguince, tendinitis, s\u00edndrome del t\u00fanel carpiano: Tama\u00f1o suficiente para una sola mano.<\/li> <\/ul> <\/li> <li><strong>Situacional:<\/strong> <ul> <li>Usar el m\u00f3vil con una sola mano mientras la otra se usa para agarrarse al autob\u00fas: Tama\u00f1o suficiente para una sola mano.<\/li> <\/ul> <\/li> <\/ul> <\/li> <\/ul> <p><strong><br><\/strong><\/p><p><strong>Para las Dificultades de Atenci\u00f3n y Concentraci\u00f3n:<\/strong><\/p> <ul> <li style=\"list-style-type: none;\"> <ul> <li style=\"list-style-type: none;\"> <ul> <li style=\"list-style-type: none;\"> <ul> <li><strong>Permanente:<\/strong> <ul> <li>Autismo, trastorno por d\u00e9ficit de atenci\u00f3n con hiperactividad: Simplificar la presentaci\u00f3n de la informaci\u00f3n.<\/li> <\/ul> <\/li> <li><strong>Temporal:<\/strong> <ul> <li>Estado de ansiedad, Bajo nivel educativo, bajo dominio del idioma: Simplificar la presentaci\u00f3n de la informaci\u00f3n.<\/li> <\/ul> <\/li> <li><strong>Situacional:<\/strong> <ul> <li>Realizar otra actividad, como cuidar ni\u00f1os mientras se mira el contenido m\u00f3vil: Simplificar la presentaci\u00f3n de la informaci\u00f3n.<br><br><\/li> <\/ul> <\/li> <\/ul> <\/li> <\/ul> <\/li> <\/ul> <\/li> <\/ul> <p>En Accesia Soluciones, <b>entendemos la importancia de abordar estas necesidades de manera integral.<\/b> Nuestro enfoque no se limita a resolver desaf\u00edos espec\u00edficos, sino que se extiende a crear experiencias digitales que sean verdaderamente universales y accesibles para todos, en cualquier momento y situaci\u00f3n.<\/p>","_links":{"self":[{"href":"https:\/\/accesia.info\/en\/wp-json\/wp\/v2\/posts\/1256","targetHints":{"allow":["GET"]}}],"collection":[{"href":"https:\/\/accesia.info\/en\/wp-json\/wp\/v2\/posts"}],"about":[{"href":"https:\/\/accesia.info\/en\/wp-json\/wp\/v2\/types\/post"}],"author":[{"embeddable":true,"href":"https:\/\/accesia.info\/en\/wp-json\/wp\/v2\/users\/2"}],"replies":[{"embeddable":true,"href":"https:\/\/accesia.info\/en\/wp-json\/wp\/v2\/comments?post=1256"}],"version-history":[{"count":2,"href":"https:\/\/accesia.info\/en\/wp-json\/wp\/v2\/posts\/1256\/revisions"}],"predecessor-version":[{"id":1259,"href":"https:\/\/accesia.info\/en\/wp-json\/wp\/v2\/posts\/1256\/revisions\/1259"}],"wp:featuredmedia":[{"embeddable":true,"href":"https:\/\/accesia.info\/en\/wp-json\/wp\/v2\/media\/1257"}],"wp:attachment":[{"href":"https:\/\/accesia.info\/en\/wp-json\/wp\/v2\/media?parent=1256"}],"wp:term":[{"taxonomy":"category","embeddable":true,"href":"https:\/\/accesia.info\/en\/wp-json\/wp\/v2\/categories?post=1256"},{"taxonomy":"post_tag","embeddable":true,"href":"https:\/\/accesia.info\/en\/wp-json\/wp\/v2\/tags?post=1256"}],"curies":[{"name":"wp","href":"https:\/\/api.w.org\/{rel}","templated":true}]}}