{"id":1058,"date":"2024-01-18T14:30:52","date_gmt":"2024-01-18T14:30:52","guid":{"rendered":"https:\/\/accesia.info\/?p=1058"},"modified":"2024-01-19T11:45:22","modified_gmt":"2024-01-19T11:45:22","slug":"el-congreso-vota-a-favor-de-modificar-el-articulo-49-de-la-constitucion-para-eliminar-el-termino-disminuidos-y-cambiarlo-por-personas-con-discapacidad","status":"publish","type":"post","link":"https:\/\/accesia.info\/va\/el-congreso-vota-a-favor-de-modificar-el-articulo-49-de-la-constitucion-para-eliminar-el-termino-disminuidos-y-cambiarlo-por-personas-con-discapacidad\/","title":{"rendered":"El Congr\u00e9s vota a favor de modificar l&#039;article 49 de la Constituci\u00f3 per eliminar el terme \u201cdisminu\u00efts\u201d i canviar-lo per \u201cpersones amb discapacitat\u201d"},"content":{"rendered":"<!--themify_builder_content-->\n<div id=\"themify_builder_content-1058\" data-postid=\"1058\" class=\"themify_builder_content themify_builder_content-1058 themify_builder tf_clear\">\n    \t\t\t<!-- module_row -->\n\t<div  data-lazy=\"1\" class=\"module_row themify_builder_row tb_00q4467 tb_first tf_w tf_clearfix\">\n\t    \t\t\t<div class=\"row_inner col_align_top tb_col_count_1 tf_box tf_rel\">\n\t\t            <div  data-lazy=\"1\" class=\"module_column tb-column col-full tb_cmdf468 first\">\n                                                        <div class=\"tb-column-inner tf_box tf_w\">\n                        <!-- module text -->\n<div  class=\"module module-text tb_38ww604\" data-lazy=\"1\">\n        <div  class=\"tb_text_wrap\">\n    <p>Avui marca una fita hist\u00f2rica amb <strong>l&#039;aprovaci\u00f3 al Congr\u00e9s dels Diputats de la proposta de llei per reformar l&#039;article 49 de la Constituci\u00f3.<\/strong><\/p>\n<p>Aquesta iniciativa, fruit de l&#039;acord entre el PP i el PSOE, t\u00e9 com a objectiu <strong>reempla\u00e7ar el terme &#039;disminu\u00eft&#039; per &#039;persones amb discapacitat&#039;,<\/strong> una modificaci\u00f3 fonamental que reflecteix un llenguatge m\u00e9s inclusiu i respectu\u00f3s.<\/p>\n<p>Amb una votaci\u00f3 que va reflectir un ampli consens, amb 312 vots a favor i 32 en contra, aquesta reforma va rebre el suport un\u00e0nime de tots els partits, a excepci\u00f3 de Vox. Aquest pas significatiu no respon nom\u00e9s a la necessitat d&#039;actualitzar el nostre marc legal, <b>sin\u00f3 que tamb\u00e9 reconeix el paper crucial de les persones amb discapacitat com a subjectes de tots els drets.<\/b><\/p>\n<p>El president del Govern, Pedro S\u00e1nchez, va destacar la import\u00e0ncia d&#039;aquesta decisi\u00f3 en afirmar que <b>&#039;les paraules importen perqu\u00e8 defineixen la nostra visi\u00f3 del m\u00f3n&#039;<\/b>. Va recon\u00e8ixer la batalla lliurada per moltes persones al llarg dels anys per eliminar el terme &#039;disminu\u00eft&#039; i va emfatitzar que, m\u00e9s enll\u00e0 dels interessos pol\u00edtics, el transcendental \u00e9s l&#039;impacte que t\u00e9 la pol\u00edtica en les persones.<\/p>\n<p>La diputada del PP, Ana Isabel Al\u00f3s, va recordar la xifra de quatre milions de persones a Espanya que pateixen algun tipus de discapacitat i va subratllar l?excepcionalitat d?aquest dia. Aquesta reforma constitucional, que nom\u00e9s ha tingut dos antecedents el 1992 i el 2011, representa un aven\u00e7 significatiu per atorgar la dignitat que mereixen les persones amb discapacitat tamb\u00e9 en el llenguatge de la nostra Constituci\u00f3.<\/p>\n<p>Ara, la proposta de llei es traslladar\u00e0 al Senat, on es debatr\u00e0 a partir de dimecres que ve, 24 de gener. Aquest proc\u00e9s compta amb un ampli suport en aquesta cambra, superant les tres cinquenes parts necess\u00e0ries per a la seva aprovaci\u00f3. Entre els aspectes clau de la reforma s&#039;inclou no nom\u00e9s la modificaci\u00f3 del terme &#039;disminu\u00eft&#039;, sin\u00f3 tamb\u00e9 l&#039;obligaci\u00f3 dels poders p\u00fablics de garantir la plena autonomia personal i inclusi\u00f3 social de les persones amb discapacitat, amb una atenci\u00f3 especial als menors i les dones.<\/p>\n<p>Aquest dia de celebraci\u00f3, <b>agra\u00efm a la societat civil pel seu incansable esfor\u00e7 i donem suport a les associacions que han lluitat pels drets de les persones amb diferents capacitats.<\/b>\u00a0<\/p>\n<p>Tot i que aquest canvi arriba amb cert retard, \u00e9s un pas important cap a un futur m\u00e9s inclusiu i respectu\u00f3s.<\/p>\n<p><span style=\"background-color: initial; font-size: 1em;\"><b>Continuem construint junts una societat que reconegui i valori la diversitat en totes les formes.<\/b><\/span><\/p>    <\/div>\n<\/div>\n<!-- \/module text -->                    <\/div><!-- .tb-column-inner -->\n                            <\/div><!-- .module_column -->\n            \t    <\/div><!-- .row_inner -->\n\t<\/div><!-- .module_row -->\n\t<\/div>\n<!--\/themify_builder_content-->","protected":false},"excerpt":{"rendered":"<p>Hoy marca un hito hist\u00f3rico con la aprobaci\u00f3n en el Congreso de los Diputados de la propuesta de ley para reformar el art\u00edculo 49 de la Constituci\u00f3n. Esta iniciativa, fruto del acuerdo entre el PP y el PSOE, tiene como objetivo reemplazar el t\u00e9rmino &#8216;disminuido&#8217; por &#8216;personas con discapacidad&#8217;, una modificaci\u00f3n fundamental que refleja un [&hellip;]<\/p>\n","protected":false},"author":2,"featured_media":1062,"comment_status":"open","ping_status":"closed","sticky":false,"template":"","format":"standard","meta":{"footnotes":""},"categories":[1],"tags":[],"class_list":["post-1058","post","type-post","status-publish","format-standard","has-post-thumbnail","hentry","category-sin-categoria","has-post-title","has-post-date","has-post-category","has-post-tag","has-post-comment","has-post-author",""],"yoast_head":"<!-- This site is optimized with the Yoast SEO plugin v27.1.1 - https:\/\/yoast.com\/product\/yoast-seo-wordpress\/ -->\n<title>El Congreso vota a favor de modificar el art\u00edculo 49 de la Constituci\u00f3n para eliminar el t\u00e9rmino &quot;disminuidos&quot; y cambiarlo por &quot;personas con discapacidad&quot; - Accesia<\/title>\n<meta name=\"robots\" content=\"index, follow, max-snippet:-1, max-image-preview:large, max-video-preview:-1\" \/>\n<link rel=\"canonical\" href=\"https:\/\/accesia.info\/va\/el-congreso-vota-a-favor-de-modificar-el-articulo-49-de-la-constitucion-para-eliminar-el-termino-disminuidos-y-cambiarlo-por-personas-con-discapacidad\/\" \/>\n<meta property=\"og:locale\" content=\"ca_ES\" \/>\n<meta property=\"og:type\" content=\"article\" \/>\n<meta property=\"og:title\" content=\"El Congreso vota a favor de modificar el art\u00edculo 49 de la Constituci\u00f3n para eliminar el t\u00e9rmino &quot;disminuidos&quot; y cambiarlo por &quot;personas con discapacidad&quot; - Accesia\" \/>\n<meta property=\"og:description\" content=\"Hoy marca un hito hist\u00f3rico con la aprobaci\u00f3n en el Congreso de los Diputados de la propuesta de ley para reformar el art\u00edculo 49 de la Constituci\u00f3n. Esta iniciativa, fruto del acuerdo entre el PP y el PSOE, tiene como objetivo reemplazar el t\u00e9rmino &#039;disminuido&#039; por &#039;personas con discapacidad&#039;, una modificaci\u00f3n fundamental que refleja un [&hellip;]\" \/>\n<meta property=\"og:url\" content=\"https:\/\/accesia.info\/va\/el-congreso-vota-a-favor-de-modificar-el-articulo-49-de-la-constitucion-para-eliminar-el-termino-disminuidos-y-cambiarlo-por-personas-con-discapacidad\/\" \/>\n<meta property=\"og:site_name\" content=\"Accesia\" \/>\n<meta property=\"article:publisher\" content=\"https:\/\/www.facebook.com\/people\/Accesia-Soluciones\/100093845105950\/?_rdr\" \/>\n<meta property=\"article:published_time\" content=\"2024-01-18T14:30:52+00:00\" \/>\n<meta property=\"article:modified_time\" content=\"2024-01-19T11:45:22+00:00\" \/>\n<meta property=\"og:image\" content=\"https:\/\/accesia.info\/wp-content\/uploads\/2024\/01\/Solemne_apertura_de_la_XIV_Legislatura_04-1024x681.jpg\" \/>\n\t<meta property=\"og:image:width\" content=\"1024\" \/>\n\t<meta property=\"og:image:height\" content=\"681\" \/>\n\t<meta property=\"og:image:type\" content=\"image\/jpeg\" \/>\n<meta name=\"author\" content=\"AccesiaAdmin\" \/>\n<meta name=\"twitter:card\" content=\"summary_large_image\" \/>\n<meta name=\"twitter:creator\" content=\"@Accesia_\" \/>\n<meta name=\"twitter:site\" content=\"@Accesia_\" \/>\n<meta name=\"twitter:label1\" content=\"Escrit per\" \/>\n\t<meta name=\"twitter:data1\" content=\"AccesiaAdmin\" \/>\n<script type=\"application\/ld+json\" class=\"yoast-schema-graph\">{\"@context\":\"https:\/\/schema.org\",\"@graph\":[{\"@type\":\"Article\",\"@id\":\"https:\/\/accesia.info\/el-congreso-vota-a-favor-de-modificar-el-articulo-49-de-la-constitucion-para-eliminar-el-termino-disminuidos-y-cambiarlo-por-personas-con-discapacidad\/#article\",\"isPartOf\":{\"@id\":\"https:\/\/accesia.info\/el-congreso-vota-a-favor-de-modificar-el-articulo-49-de-la-constitucion-para-eliminar-el-termino-disminuidos-y-cambiarlo-por-personas-con-discapacidad\/\"},\"author\":{\"name\":\"AccesiaAdmin\",\"@id\":\"https:\/\/accesia.info\/#\/schema\/person\/87355372a1ca74d21cf405545c18c31b\"},\"headline\":\"El Congreso vota a favor de modificar el art\u00edculo 49 de la Constituci\u00f3n para eliminar el t\u00e9rmino \u00abdisminuidos\u00bb y cambiarlo por \u00abpersonas con discapacidad\u00bb\",\"datePublished\":\"2024-01-18T14:30:52+00:00\",\"dateModified\":\"2024-01-19T11:45:22+00:00\",\"mainEntityOfPage\":{\"@id\":\"https:\/\/accesia.info\/el-congreso-vota-a-favor-de-modificar-el-articulo-49-de-la-constitucion-para-eliminar-el-termino-disminuidos-y-cambiarlo-por-personas-con-discapacidad\/\"},\"wordCount\":26,\"commentCount\":0,\"publisher\":{\"@id\":\"https:\/\/accesia.info\/#organization\"},\"image\":{\"@id\":\"https:\/\/accesia.info\/el-congreso-vota-a-favor-de-modificar-el-articulo-49-de-la-constitucion-para-eliminar-el-termino-disminuidos-y-cambiarlo-por-personas-con-discapacidad\/#primaryimage\"},\"thumbnailUrl\":\"https:\/\/accesia.info\/wp-content\/uploads\/2024\/01\/Solemne_apertura_de_la_XIV_Legislatura_04.jpg\",\"articleSection\":[\"Sin categor\u00eda\"],\"inLanguage\":\"ca\",\"potentialAction\":[{\"@type\":\"CommentAction\",\"name\":\"Comment\",\"target\":[\"https:\/\/accesia.info\/el-congreso-vota-a-favor-de-modificar-el-articulo-49-de-la-constitucion-para-eliminar-el-termino-disminuidos-y-cambiarlo-por-personas-con-discapacidad\/#respond\"]}]},{\"@type\":\"WebPage\",\"@id\":\"https:\/\/accesia.info\/el-congreso-vota-a-favor-de-modificar-el-articulo-49-de-la-constitucion-para-eliminar-el-termino-disminuidos-y-cambiarlo-por-personas-con-discapacidad\/\",\"url\":\"https:\/\/accesia.info\/el-congreso-vota-a-favor-de-modificar-el-articulo-49-de-la-constitucion-para-eliminar-el-termino-disminuidos-y-cambiarlo-por-personas-con-discapacidad\/\",\"name\":\"El Congreso vota a favor de modificar el art\u00edculo 49 de la Constituci\u00f3n para eliminar el t\u00e9rmino \\\"disminuidos\\\" y cambiarlo por \\\"personas con discapacidad\\\" - Accesia\",\"isPartOf\":{\"@id\":\"https:\/\/accesia.info\/#website\"},\"primaryImageOfPage\":{\"@id\":\"https:\/\/accesia.info\/el-congreso-vota-a-favor-de-modificar-el-articulo-49-de-la-constitucion-para-eliminar-el-termino-disminuidos-y-cambiarlo-por-personas-con-discapacidad\/#primaryimage\"},\"image\":{\"@id\":\"https:\/\/accesia.info\/el-congreso-vota-a-favor-de-modificar-el-articulo-49-de-la-constitucion-para-eliminar-el-termino-disminuidos-y-cambiarlo-por-personas-con-discapacidad\/#primaryimage\"},\"thumbnailUrl\":\"https:\/\/accesia.info\/wp-content\/uploads\/2024\/01\/Solemne_apertura_de_la_XIV_Legislatura_04.jpg\",\"datePublished\":\"2024-01-18T14:30:52+00:00\",\"dateModified\":\"2024-01-19T11:45:22+00:00\",\"breadcrumb\":{\"@id\":\"https:\/\/accesia.info\/el-congreso-vota-a-favor-de-modificar-el-articulo-49-de-la-constitucion-para-eliminar-el-termino-disminuidos-y-cambiarlo-por-personas-con-discapacidad\/#breadcrumb\"},\"inLanguage\":\"ca\",\"potentialAction\":[{\"@type\":\"ReadAction\",\"target\":[\"https:\/\/accesia.info\/el-congreso-vota-a-favor-de-modificar-el-articulo-49-de-la-constitucion-para-eliminar-el-termino-disminuidos-y-cambiarlo-por-personas-con-discapacidad\/\"]}]},{\"@type\":\"ImageObject\",\"inLanguage\":\"ca\",\"@id\":\"https:\/\/accesia.info\/el-congreso-vota-a-favor-de-modificar-el-articulo-49-de-la-constitucion-para-eliminar-el-termino-disminuidos-y-cambiarlo-por-personas-con-discapacidad\/#primaryimage\",\"url\":\"https:\/\/accesia.info\/wp-content\/uploads\/2024\/01\/Solemne_apertura_de_la_XIV_Legislatura_04.jpg\",\"contentUrl\":\"https:\/\/accesia.info\/wp-content\/uploads\/2024\/01\/Solemne_apertura_de_la_XIV_Legislatura_04.jpg\",\"width\":2000,\"height\":1330,\"caption\":\"Foto del Congreso de los Diputados de Espa\u00f1a.\"},{\"@type\":\"BreadcrumbList\",\"@id\":\"https:\/\/accesia.info\/el-congreso-vota-a-favor-de-modificar-el-articulo-49-de-la-constitucion-para-eliminar-el-termino-disminuidos-y-cambiarlo-por-personas-con-discapacidad\/#breadcrumb\",\"itemListElement\":[{\"@type\":\"ListItem\",\"position\":1,\"name\":\"Portada\",\"item\":\"https:\/\/accesia.info\/\"},{\"@type\":\"ListItem\",\"position\":2,\"name\":\"El Congreso vota a favor de modificar el art\u00edculo 49 de la Constituci\u00f3n para eliminar el t\u00e9rmino \u00abdisminuidos\u00bb y cambiarlo por \u00abpersonas con discapacidad\u00bb\"}]},{\"@type\":\"WebSite\",\"@id\":\"https:\/\/accesia.info\/#website\",\"url\":\"https:\/\/accesia.info\/\",\"name\":\"Accesia Soluciones\",\"description\":\"\",\"publisher\":{\"@id\":\"https:\/\/accesia.info\/#organization\"},\"potentialAction\":[{\"@type\":\"SearchAction\",\"target\":{\"@type\":\"EntryPoint\",\"urlTemplate\":\"https:\/\/accesia.info\/?s={search_term_string}\"},\"query-input\":{\"@type\":\"PropertyValueSpecification\",\"valueRequired\":true,\"valueName\":\"search_term_string\"}}],\"inLanguage\":\"ca\"},{\"@type\":\"Organization\",\"@id\":\"https:\/\/accesia.info\/#organization\",\"name\":\"Accesia Soluciones\",\"url\":\"https:\/\/accesia.info\/\",\"logo\":{\"@type\":\"ImageObject\",\"inLanguage\":\"ca\",\"@id\":\"https:\/\/accesia.info\/#\/schema\/logo\/image\/\",\"url\":\"https:\/\/accesia.info\/wp-content\/uploads\/2023\/07\/cropped-Diseno-sin-titulo-15.png\",\"contentUrl\":\"https:\/\/accesia.info\/wp-content\/uploads\/2023\/07\/cropped-Diseno-sin-titulo-15.png\",\"width\":512,\"height\":512,\"caption\":\"Accesia Soluciones\"},\"image\":{\"@id\":\"https:\/\/accesia.info\/#\/schema\/logo\/image\/\"},\"sameAs\":[\"https:\/\/www.facebook.com\/people\/Accesia-Soluciones\/100093845105950\/?_rdr\",\"https:\/\/x.com\/Accesia_\",\"https:\/\/www.instagram.com\/accesiasoluciones\/\",\"https:\/\/es.linkedin.com\/company\/accesia-soluciones\"]},{\"@type\":\"Person\",\"@id\":\"https:\/\/accesia.info\/#\/schema\/person\/87355372a1ca74d21cf405545c18c31b\",\"name\":\"AccesiaAdmin\",\"image\":{\"@type\":\"ImageObject\",\"inLanguage\":\"ca\",\"@id\":\"https:\/\/accesia.info\/#\/schema\/person\/image\/\",\"url\":\"https:\/\/secure.gravatar.com\/avatar\/10f8f6eb8a27fef20ee03489544afff05113f520c42c7474891a2ec5809f90e8?s=96&d=mm&r=g\",\"contentUrl\":\"https:\/\/secure.gravatar.com\/avatar\/10f8f6eb8a27fef20ee03489544afff05113f520c42c7474891a2ec5809f90e8?s=96&d=mm&r=g\",\"caption\":\"AccesiaAdmin\"},\"url\":\"https:\/\/accesia.info\/va\/author\/accesiaadmin\/\"}]}<\/script>\n<!-- \/ Yoast SEO plugin. -->","yoast_head_json":{"title":"El Congreso vota a favor de modificar el art\u00edculo 49 de la Constituci\u00f3n para eliminar el t\u00e9rmino \"disminuidos\" y cambiarlo por \"personas con discapacidad\" - Accesia","robots":{"index":"index","follow":"follow","max-snippet":"max-snippet:-1","max-image-preview":"max-image-preview:large","max-video-preview":"max-video-preview:-1"},"canonical":"https:\/\/accesia.info\/va\/el-congreso-vota-a-favor-de-modificar-el-articulo-49-de-la-constitucion-para-eliminar-el-termino-disminuidos-y-cambiarlo-por-personas-con-discapacidad\/","og_locale":"ca_ES","og_type":"article","og_title":"El Congreso vota a favor de modificar el art\u00edculo 49 de la Constituci\u00f3n para eliminar el t\u00e9rmino \"disminuidos\" y cambiarlo por \"personas con discapacidad\" - Accesia","og_description":"Hoy marca un hito hist\u00f3rico con la aprobaci\u00f3n en el Congreso de los Diputados de la propuesta de ley para reformar el art\u00edculo 49 de la Constituci\u00f3n. Esta iniciativa, fruto del acuerdo entre el PP y el PSOE, tiene como objetivo reemplazar el t\u00e9rmino 'disminuido' por 'personas con discapacidad', una modificaci\u00f3n fundamental que refleja un [&hellip;]","og_url":"https:\/\/accesia.info\/va\/el-congreso-vota-a-favor-de-modificar-el-articulo-49-de-la-constitucion-para-eliminar-el-termino-disminuidos-y-cambiarlo-por-personas-con-discapacidad\/","og_site_name":"Accesia","article_publisher":"https:\/\/www.facebook.com\/people\/Accesia-Soluciones\/100093845105950\/?_rdr","article_published_time":"2024-01-18T14:30:52+00:00","article_modified_time":"2024-01-19T11:45:22+00:00","og_image":[{"width":1024,"height":681,"url":"https:\/\/accesia.info\/wp-content\/uploads\/2024\/01\/Solemne_apertura_de_la_XIV_Legislatura_04-1024x681.jpg","type":"image\/jpeg"}],"author":"AccesiaAdmin","twitter_card":"summary_large_image","twitter_creator":"@Accesia_","twitter_site":"@Accesia_","twitter_misc":{"Escrit per":"AccesiaAdmin"},"schema":{"@context":"https:\/\/schema.org","@graph":[{"@type":"Article","@id":"https:\/\/accesia.info\/el-congreso-vota-a-favor-de-modificar-el-articulo-49-de-la-constitucion-para-eliminar-el-termino-disminuidos-y-cambiarlo-por-personas-con-discapacidad\/#article","isPartOf":{"@id":"https:\/\/accesia.info\/el-congreso-vota-a-favor-de-modificar-el-articulo-49-de-la-constitucion-para-eliminar-el-termino-disminuidos-y-cambiarlo-por-personas-con-discapacidad\/"},"author":{"name":"AccesiaAdmin","@id":"https:\/\/accesia.info\/#\/schema\/person\/87355372a1ca74d21cf405545c18c31b"},"headline":"El Congreso vota a favor de modificar el art\u00edculo 49 de la Constituci\u00f3n para eliminar el t\u00e9rmino \u00abdisminuidos\u00bb y cambiarlo por \u00abpersonas con discapacidad\u00bb","datePublished":"2024-01-18T14:30:52+00:00","dateModified":"2024-01-19T11:45:22+00:00","mainEntityOfPage":{"@id":"https:\/\/accesia.info\/el-congreso-vota-a-favor-de-modificar-el-articulo-49-de-la-constitucion-para-eliminar-el-termino-disminuidos-y-cambiarlo-por-personas-con-discapacidad\/"},"wordCount":26,"commentCount":0,"publisher":{"@id":"https:\/\/accesia.info\/#organization"},"image":{"@id":"https:\/\/accesia.info\/el-congreso-vota-a-favor-de-modificar-el-articulo-49-de-la-constitucion-para-eliminar-el-termino-disminuidos-y-cambiarlo-por-personas-con-discapacidad\/#primaryimage"},"thumbnailUrl":"https:\/\/accesia.info\/wp-content\/uploads\/2024\/01\/Solemne_apertura_de_la_XIV_Legislatura_04.jpg","articleSection":["Sin categor\u00eda"],"inLanguage":"ca","potentialAction":[{"@type":"CommentAction","name":"Comment","target":["https:\/\/accesia.info\/el-congreso-vota-a-favor-de-modificar-el-articulo-49-de-la-constitucion-para-eliminar-el-termino-disminuidos-y-cambiarlo-por-personas-con-discapacidad\/#respond"]}]},{"@type":"WebPage","@id":"https:\/\/accesia.info\/el-congreso-vota-a-favor-de-modificar-el-articulo-49-de-la-constitucion-para-eliminar-el-termino-disminuidos-y-cambiarlo-por-personas-con-discapacidad\/","url":"https:\/\/accesia.info\/el-congreso-vota-a-favor-de-modificar-el-articulo-49-de-la-constitucion-para-eliminar-el-termino-disminuidos-y-cambiarlo-por-personas-con-discapacidad\/","name":"El Congreso vota a favor de modificar el art\u00edculo 49 de la Constituci\u00f3n para eliminar el t\u00e9rmino \"disminuidos\" y cambiarlo por \"personas con discapacidad\" - Accesia","isPartOf":{"@id":"https:\/\/accesia.info\/#website"},"primaryImageOfPage":{"@id":"https:\/\/accesia.info\/el-congreso-vota-a-favor-de-modificar-el-articulo-49-de-la-constitucion-para-eliminar-el-termino-disminuidos-y-cambiarlo-por-personas-con-discapacidad\/#primaryimage"},"image":{"@id":"https:\/\/accesia.info\/el-congreso-vota-a-favor-de-modificar-el-articulo-49-de-la-constitucion-para-eliminar-el-termino-disminuidos-y-cambiarlo-por-personas-con-discapacidad\/#primaryimage"},"thumbnailUrl":"https:\/\/accesia.info\/wp-content\/uploads\/2024\/01\/Solemne_apertura_de_la_XIV_Legislatura_04.jpg","datePublished":"2024-01-18T14:30:52+00:00","dateModified":"2024-01-19T11:45:22+00:00","breadcrumb":{"@id":"https:\/\/accesia.info\/el-congreso-vota-a-favor-de-modificar-el-articulo-49-de-la-constitucion-para-eliminar-el-termino-disminuidos-y-cambiarlo-por-personas-con-discapacidad\/#breadcrumb"},"inLanguage":"ca","potentialAction":[{"@type":"ReadAction","target":["https:\/\/accesia.info\/el-congreso-vota-a-favor-de-modificar-el-articulo-49-de-la-constitucion-para-eliminar-el-termino-disminuidos-y-cambiarlo-por-personas-con-discapacidad\/"]}]},{"@type":"ImageObject","inLanguage":"ca","@id":"https:\/\/accesia.info\/el-congreso-vota-a-favor-de-modificar-el-articulo-49-de-la-constitucion-para-eliminar-el-termino-disminuidos-y-cambiarlo-por-personas-con-discapacidad\/#primaryimage","url":"https:\/\/accesia.info\/wp-content\/uploads\/2024\/01\/Solemne_apertura_de_la_XIV_Legislatura_04.jpg","contentUrl":"https:\/\/accesia.info\/wp-content\/uploads\/2024\/01\/Solemne_apertura_de_la_XIV_Legislatura_04.jpg","width":2000,"height":1330,"caption":"Foto del Congreso de los Diputados de Espa\u00f1a."},{"@type":"BreadcrumbList","@id":"https:\/\/accesia.info\/el-congreso-vota-a-favor-de-modificar-el-articulo-49-de-la-constitucion-para-eliminar-el-termino-disminuidos-y-cambiarlo-por-personas-con-discapacidad\/#breadcrumb","itemListElement":[{"@type":"ListItem","position":1,"name":"Portada","item":"https:\/\/accesia.info\/"},{"@type":"ListItem","position":2,"name":"El Congreso vota a favor de modificar el art\u00edculo 49 de la Constituci\u00f3n para eliminar el t\u00e9rmino \u00abdisminuidos\u00bb y cambiarlo por \u00abpersonas con discapacidad\u00bb"}]},{"@type":"WebSite","@id":"https:\/\/accesia.info\/#website","url":"https:\/\/accesia.info\/","name":"Accessia Solucions","description":"","publisher":{"@id":"https:\/\/accesia.info\/#organization"},"potentialAction":[{"@type":"SearchAction","target":{"@type":"EntryPoint","urlTemplate":"https:\/\/accesia.info\/?s={search_term_string}"},"query-input":{"@type":"PropertyValueSpecification","valueRequired":true,"valueName":"search_term_string"}}],"inLanguage":"ca"},{"@type":"Organization","@id":"https:\/\/accesia.info\/#organization","name":"Accessia Solucions","url":"https:\/\/accesia.info\/","logo":{"@type":"ImageObject","inLanguage":"ca","@id":"https:\/\/accesia.info\/#\/schema\/logo\/image\/","url":"https:\/\/accesia.info\/wp-content\/uploads\/2023\/07\/cropped-Diseno-sin-titulo-15.png","contentUrl":"https:\/\/accesia.info\/wp-content\/uploads\/2023\/07\/cropped-Diseno-sin-titulo-15.png","width":512,"height":512,"caption":"Accesia Soluciones"},"image":{"@id":"https:\/\/accesia.info\/#\/schema\/logo\/image\/"},"sameAs":["https:\/\/www.facebook.com\/people\/Accesia-Soluciones\/100093845105950\/?_rdr","https:\/\/x.com\/Accesia_","https:\/\/www.instagram.com\/accesiasoluciones\/","https:\/\/es.linkedin.com\/company\/accesia-soluciones"]},{"@type":"Person","@id":"https:\/\/accesia.info\/#\/schema\/person\/87355372a1ca74d21cf405545c18c31b","name":"AccessiaAdmin","image":{"@type":"ImageObject","inLanguage":"ca","@id":"https:\/\/accesia.info\/#\/schema\/person\/image\/","url":"https:\/\/secure.gravatar.com\/avatar\/10f8f6eb8a27fef20ee03489544afff05113f520c42c7474891a2ec5809f90e8?s=96&d=mm&r=g","contentUrl":"https:\/\/secure.gravatar.com\/avatar\/10f8f6eb8a27fef20ee03489544afff05113f520c42c7474891a2ec5809f90e8?s=96&d=mm&r=g","caption":"AccesiaAdmin"},"url":"https:\/\/accesia.info\/va\/author\/accesiaadmin\/"}]}},"builder_content":"<p>Hoy marca un hito hist\u00f3rico con <strong>la aprobaci\u00f3n en el Congreso de los Diputados de la propuesta de ley para reformar el art\u00edculo 49 de la Constituci\u00f3n.<\/strong><\/p> <p>Esta iniciativa, fruto del acuerdo entre el PP y el PSOE, tiene como objetivo <strong>reemplazar el t\u00e9rmino 'disminuido' por 'personas con discapacidad',<\/strong> una modificaci\u00f3n fundamental que refleja un lenguaje m\u00e1s inclusivo y respetuoso.<\/p> <p>Con una votaci\u00f3n que reflej\u00f3 un amplio consenso, con 312 votos a favor y 32 en contra, esta reforma recibi\u00f3 el respaldo un\u00e1nime de todos los partidos, a excepci\u00f3n de Vox. Este paso significativo no solo responde a la necesidad de actualizar nuestro marco legal, <b>sino que tambi\u00e9n reconoce el papel crucial de las personas con discapacidad como sujetos de todos los derechos.<\/b><\/p> <p>El presidente del Gobierno, Pedro S\u00e1nchez, destac\u00f3 la importancia de esta decisi\u00f3n al afirmar que <b>'las palabras importan porque definen nuestra visi\u00f3n del mundo'<\/b>. Reconoci\u00f3 la batalla librada por muchas personas a lo largo de los a\u00f1os para eliminar el t\u00e9rmino 'disminuido' y enfatiz\u00f3 que, m\u00e1s all\u00e1 de los intereses pol\u00edticos, lo trascendental es el impacto que tiene la pol\u00edtica en las personas.<\/p> <p>La diputada del PP, Ana Isabel Al\u00f3s, record\u00f3 la cifra de cuatro millones de personas en Espa\u00f1a que sufren alg\u00fan tipo de discapacidad y subray\u00f3 la excepcionalidad de este d\u00eda. Esta reforma constitucional, que solo ha tenido dos antecedentes en 1992 y 2011, representa un avance significativo para otorgar la dignidad que merecen las personas con discapacidad tambi\u00e9n en el lenguaje de nuestra Constituci\u00f3n.<\/p> <p>Ahora, la propuesta de ley se trasladar\u00e1 al Senado, donde se debatir\u00e1 a partir del pr\u00f3ximo mi\u00e9rcoles, 24 de enero. Este proceso cuenta con un amplio respaldo en esa c\u00e1mara, superando las tres quintas partes necesarias para su aprobaci\u00f3n. Entre los aspectos clave de la reforma se incluye no solo la modificaci\u00f3n del t\u00e9rmino 'disminuido', sino tambi\u00e9n la obligaci\u00f3n de los poderes p\u00fablicos de garantizar la plena autonom\u00eda personal e inclusi\u00f3n social de las personas con discapacidad, con especial atenci\u00f3n a los menores y las mujeres.<\/p> <p>En este d\u00eda de celebraci\u00f3n, <b>agradecemos a la sociedad civil por su incansable esfuerzo y apoyamos a las asociaciones que han luchado por los derechos de las personas con distintas capacidades.<\/b>\u00a0<\/p> <p>Aunque este cambio llega con cierto retraso, es un paso importante hacia un futuro m\u00e1s inclusivo y respetuoso.<\/p> <p><b>Sigamos construyendo juntos una sociedad que reconozca y valore la diversidad en todas sus formas.<\/b><\/p>","_links":{"self":[{"href":"https:\/\/accesia.info\/va\/wp-json\/wp\/v2\/posts\/1058","targetHints":{"allow":["GET"]}}],"collection":[{"href":"https:\/\/accesia.info\/va\/wp-json\/wp\/v2\/posts"}],"about":[{"href":"https:\/\/accesia.info\/va\/wp-json\/wp\/v2\/types\/post"}],"author":[{"embeddable":true,"href":"https:\/\/accesia.info\/va\/wp-json\/wp\/v2\/users\/2"}],"replies":[{"embeddable":true,"href":"https:\/\/accesia.info\/va\/wp-json\/wp\/v2\/comments?post=1058"}],"version-history":[{"count":3,"href":"https:\/\/accesia.info\/va\/wp-json\/wp\/v2\/posts\/1058\/revisions"}],"predecessor-version":[{"id":1063,"href":"https:\/\/accesia.info\/va\/wp-json\/wp\/v2\/posts\/1058\/revisions\/1063"}],"wp:featuredmedia":[{"embeddable":true,"href":"https:\/\/accesia.info\/va\/wp-json\/wp\/v2\/media\/1062"}],"wp:attachment":[{"href":"https:\/\/accesia.info\/va\/wp-json\/wp\/v2\/media?parent=1058"}],"wp:term":[{"taxonomy":"category","embeddable":true,"href":"https:\/\/accesia.info\/va\/wp-json\/wp\/v2\/categories?post=1058"},{"taxonomy":"post_tag","embeddable":true,"href":"https:\/\/accesia.info\/va\/wp-json\/wp\/v2\/tags?post=1058"}],"curies":[{"name":"wp","href":"https:\/\/api.w.org\/{rel}","templated":true}]}}